{"id":2929,"date":"2022-03-14T21:10:17","date_gmt":"2022-03-14T21:10:17","guid":{"rendered":"https:\/\/www.zakreconabila.pl\/?p=2929"},"modified":"2022-03-14T21:10:17","modified_gmt":"2022-03-14T21:10:17","slug":"amator-challenge-2022-turniej-nr-3","status":"publish","type":"post","link":"https:\/\/www.zakreconabila.pl\/en\/bilard-w-zakreconej\/amator-challenge-2022-turniej-nr-3\/","title":{"rendered":"Amator Challenge 2022 turniej nr 3"},"content":{"rendered":"<p>W niedziel\u0119 13.03.2022r. odby\u0142 si\u0119 trzeci turniej cyklu Amator Challenge 2022 &#8211; Eliminacje do Mistrzostw Polski Amator\u00f3w PZBil. W rozgrywkach wzi\u0119\u0142o udzia\u0142 27 zawodnik\u00f3w. W meczach p\u00f3\u0142fina\u0142owych zmierzyli si\u0119 Wojciech Stefa\u0144ski vs Wojciech Pigla oraz Rafa\u0142 \u0141ozowicki vs Micha\u0142 Puk. W finale turnieju spotkali si\u0119 Wojciech Pigla i Rafa\u0142 \u0141ozowicki, a zwyci\u0119stwo wywalczy\u0142 Rafa\u0142. Ostatni turniej cyklu odb\u0119dzie si\u0119 po wakacjach.<br \/>\nLink do aktualnego rankingu:<br \/>\nhttps:\/\/www.online-brackets.com\/view\/rankings\/847<br \/>\nDzi\u0119kujemy za udzia\u0142 i do zobaczenia za kilka miesi\u0119cy na Amatorze!<\/p>","protected":false},"excerpt":{"rendered":"<p>W niedziel\u0119 13.03.2022r. odby\u0142 si\u0119 trzeci turniej cyklu Amator Challenge 2022 &#8211; Eliminacje do Mistrzostw Polski Amator\u00f3w PZBil. W rozgrywkach wzi\u0119\u0142o udzia\u0142 27 zawodnik\u00f3w. W meczach p\u00f3\u0142fina\u0142owych zmierzyli si\u0119 Wojciech Stefa\u0144ski vs Wojciech Pigla oraz Rafa\u0142 \u0141ozowicki vs Micha\u0142 Puk. W finale turnieju spotkali si\u0119 Wojciech Pigla i Rafa\u0142 \u0141ozowicki, a zwyci\u0119stwo wywalczy\u0142 Rafa\u0142. Ostatni [&hellip;]<\/p>","protected":false},"author":2,"featured_media":2930,"comment_status":"closed","ping_status":"closed","sticky":false,"template":"","format":"standard","meta":{"footnotes":""},"categories":[180,1],"tags":[],"_links":{"self":[{"href":"https:\/\/www.zakreconabila.pl\/en\/wp-json\/wp\/v2\/posts\/2929"}],"collection":[{"href":"https:\/\/www.zakreconabila.pl\/en\/wp-json\/wp\/v2\/posts"}],"about":[{"href":"https:\/\/www.zakreconabila.pl\/en\/wp-json\/wp\/v2\/types\/post"}],"author":[{"embeddable":true,"href":"https:\/\/www.zakreconabila.pl\/en\/wp-json\/wp\/v2\/users\/2"}],"replies":[{"embeddable":true,"href":"https:\/\/www.zakreconabila.pl\/en\/wp-json\/wp\/v2\/comments?post=2929"}],"version-history":[{"count":1,"href":"https:\/\/www.zakreconabila.pl\/en\/wp-json\/wp\/v2\/posts\/2929\/revisions"}],"predecessor-version":[{"id":2931,"href":"https:\/\/www.zakreconabila.pl\/en\/wp-json\/wp\/v2\/posts\/2929\/revisions\/2931"}],"wp:featuredmedia":[{"embeddable":true,"href":"https:\/\/www.zakreconabila.pl\/en\/wp-json\/wp\/v2\/media\/2930"}],"wp:attachment":[{"href":"https:\/\/www.zakreconabila.pl\/en\/wp-json\/wp\/v2\/media?parent=2929"}],"wp:term":[{"taxonomy":"category","embeddable":true,"href":"https:\/\/www.zakreconabila.pl\/en\/wp-json\/wp\/v2\/categories?post=2929"},{"taxonomy":"post_tag","embeddable":true,"href":"https:\/\/www.zakreconabila.pl\/en\/wp-json\/wp\/v2\/tags?post=2929"}],"curies":[{"name":"wp","href":"https:\/\/api.w.org\/{rel}","templated":true}]}}