{"id":3051,"date":"2022-07-14T15:05:48","date_gmt":"2022-07-14T15:05:48","guid":{"rendered":"https:\/\/www.zakreconabila.pl\/?p=3051"},"modified":"2022-07-14T15:05:48","modified_gmt":"2022-07-14T15:05:48","slug":"pardubice-open-2022","status":"publish","type":"post","link":"https:\/\/www.zakreconabila.pl\/en\/bilard-w-zakreconej\/pardubice-open-2022\/","title":{"rendered":"Pardubice Open 2022"},"content":{"rendered":"<p>W dniach 8-10.07.2022r. odby\u0142y si\u0119 rozgrywki Pardubice Open 2022. W wydarzeniu wzi\u0119\u0142o udzia\u0142 260 zawodnik\u00f3w z 11 kraj\u00f3w. Zakr\u0119con\u0105 reprezentowali: Szymon Duda, Wojciech Sroczy\u0144ski, Micha\u0142 Berkec, Mateusz \u015aniegocki oraz Yahor Mikheyenka. W turnieju g\u0142\u00f3wnym do najlepszej 32 awansowali Micha\u0142, Szymon i Wojtek. W najlepszej 16 Micha\u0142 uleg\u0142 Marcelowi Fortu\u0144skiemu, a Wojtek awansowa\u0142 do fazy \u0107wier\u0107fina\u0142\u00f3w i ca\u0142y turniej zako\u0144czy\u0142 na miejscu 5. W turnieju 2. szansy miejsce 5. zaj\u0105\u0142 Mateusz, a zwyci\u0119stwo wywalczy\u0142 Yahor.<br \/>\nFot. Dawid Cholewi\u0144ski<\/p>","protected":false},"excerpt":{"rendered":"<p>W dniach 8-10.07.2022r. odby\u0142y si\u0119 rozgrywki Pardubice Open 2022. W wydarzeniu wzi\u0119\u0142o udzia\u0142 260 zawodnik\u00f3w z 11 kraj\u00f3w. Zakr\u0119con\u0105 reprezentowali: Szymon Duda, Wojciech Sroczy\u0144ski, Micha\u0142 Berkec, Mateusz \u015aniegocki oraz Yahor Mikheyenka. W turnieju g\u0142\u00f3wnym do najlepszej 32 awansowali Micha\u0142, Szymon i Wojtek. W najlepszej 16 Micha\u0142 uleg\u0142 Marcelowi Fortu\u0144skiemu, a Wojtek awansowa\u0142 do fazy \u0107wier\u0107fina\u0142\u00f3w [&hellip;]<\/p>","protected":false},"author":2,"featured_media":3052,"comment_status":"closed","ping_status":"closed","sticky":false,"template":"","format":"standard","meta":{"footnotes":""},"categories":[1],"tags":[],"_links":{"self":[{"href":"https:\/\/www.zakreconabila.pl\/en\/wp-json\/wp\/v2\/posts\/3051"}],"collection":[{"href":"https:\/\/www.zakreconabila.pl\/en\/wp-json\/wp\/v2\/posts"}],"about":[{"href":"https:\/\/www.zakreconabila.pl\/en\/wp-json\/wp\/v2\/types\/post"}],"author":[{"embeddable":true,"href":"https:\/\/www.zakreconabila.pl\/en\/wp-json\/wp\/v2\/users\/2"}],"replies":[{"embeddable":true,"href":"https:\/\/www.zakreconabila.pl\/en\/wp-json\/wp\/v2\/comments?post=3051"}],"version-history":[{"count":1,"href":"https:\/\/www.zakreconabila.pl\/en\/wp-json\/wp\/v2\/posts\/3051\/revisions"}],"predecessor-version":[{"id":3053,"href":"https:\/\/www.zakreconabila.pl\/en\/wp-json\/wp\/v2\/posts\/3051\/revisions\/3053"}],"wp:featuredmedia":[{"embeddable":true,"href":"https:\/\/www.zakreconabila.pl\/en\/wp-json\/wp\/v2\/media\/3052"}],"wp:attachment":[{"href":"https:\/\/www.zakreconabila.pl\/en\/wp-json\/wp\/v2\/media?parent=3051"}],"wp:term":[{"taxonomy":"category","embeddable":true,"href":"https:\/\/www.zakreconabila.pl\/en\/wp-json\/wp\/v2\/categories?post=3051"},{"taxonomy":"post_tag","embeddable":true,"href":"https:\/\/www.zakreconabila.pl\/en\/wp-json\/wp\/v2\/tags?post=3051"}],"curies":[{"name":"wp","href":"https:\/\/api.w.org\/{rel}","templated":true}]}}