{"id":3100,"date":"2022-09-15T20:09:59","date_gmt":"2022-09-15T20:09:59","guid":{"rendered":"https:\/\/www.zakreconabila.pl\/?p=3100"},"modified":"2022-09-15T20:09:59","modified_gmt":"2022-09-15T20:09:59","slug":"1-dzien-iii-zjazdu-bilardowej-ekstraklasy-pzbil-brawo-zakrecona","status":"publish","type":"post","link":"https:\/\/www.zakreconabila.pl\/en\/bilard-w-zakreconej\/1-dzien-iii-zjazdu-bilardowej-ekstraklasy-pzbil-brawo-zakrecona\/","title":{"rendered":"1. dzie\u0144 III zjazdu Bilardowej Ekstraklasy PZBil &#8211; brawo Zakr\u0119cona!"},"content":{"rendered":"<div dir=\"auto\">Pierwszy dzie\u0144 III zjazdu Bilardowej Ekstraklasy PZBil za nami. Zas\u0142u\u017cone brawa dla reprezentacji Zakr\u0119conej Bili!<\/div>\n<div dir=\"auto\">W pierwszym meczu dru\u017cyna Zakr\u0119cona Bila Solumed Pozna\u0144 pokona\u0142a 12:8 zawodnik\u00f3w Akademii Bilardowej Rokietnica. Zwyci\u0119stwo przybli\u017ca Zakr\u0119con\u0105 do udzia\u0142u w finale Bilardowej Ekstraklasy i walki o medale Dru\u017cynowych Mistrzostw Polski!<\/div>\n<div dir=\"auto\">Powodzenia w dalszych zmaganiach!<\/div>","protected":false},"excerpt":{"rendered":"<p>Pierwszy dzie\u0144 III zjazdu Bilardowej Ekstraklasy PZBil za nami. Zas\u0142u\u017cone brawa dla reprezentacji Zakr\u0119conej Bili! W pierwszym meczu dru\u017cyna Zakr\u0119cona Bila Solumed Pozna\u0144 pokona\u0142a 12:8 zawodnik\u00f3w Akademii Bilardowej Rokietnica. Zwyci\u0119stwo przybli\u017ca Zakr\u0119con\u0105 do udzia\u0142u w finale Bilardowej Ekstraklasy i walki o medale Dru\u017cynowych Mistrzostw Polski! Powodzenia w dalszych zmaganiach!<\/p>","protected":false},"author":2,"featured_media":3098,"comment_status":"closed","ping_status":"closed","sticky":false,"template":"","format":"standard","meta":{"footnotes":""},"categories":[1,182,183],"tags":[],"_links":{"self":[{"href":"https:\/\/www.zakreconabila.pl\/en\/wp-json\/wp\/v2\/posts\/3100"}],"collection":[{"href":"https:\/\/www.zakreconabila.pl\/en\/wp-json\/wp\/v2\/posts"}],"about":[{"href":"https:\/\/www.zakreconabila.pl\/en\/wp-json\/wp\/v2\/types\/post"}],"author":[{"embeddable":true,"href":"https:\/\/www.zakreconabila.pl\/en\/wp-json\/wp\/v2\/users\/2"}],"replies":[{"embeddable":true,"href":"https:\/\/www.zakreconabila.pl\/en\/wp-json\/wp\/v2\/comments?post=3100"}],"version-history":[{"count":1,"href":"https:\/\/www.zakreconabila.pl\/en\/wp-json\/wp\/v2\/posts\/3100\/revisions"}],"predecessor-version":[{"id":3101,"href":"https:\/\/www.zakreconabila.pl\/en\/wp-json\/wp\/v2\/posts\/3100\/revisions\/3101"}],"wp:featuredmedia":[{"embeddable":true,"href":"https:\/\/www.zakreconabila.pl\/en\/wp-json\/wp\/v2\/media\/3098"}],"wp:attachment":[{"href":"https:\/\/www.zakreconabila.pl\/en\/wp-json\/wp\/v2\/media?parent=3100"}],"wp:term":[{"taxonomy":"category","embeddable":true,"href":"https:\/\/www.zakreconabila.pl\/en\/wp-json\/wp\/v2\/categories?post=3100"},{"taxonomy":"post_tag","embeddable":true,"href":"https:\/\/www.zakreconabila.pl\/en\/wp-json\/wp\/v2\/tags?post=3100"}],"curies":[{"name":"wp","href":"https:\/\/api.w.org\/{rel}","templated":true}]}}