{"id":3284,"date":"2023-03-12T16:45:06","date_gmt":"2023-03-12T16:45:06","guid":{"rendered":"https:\/\/www.zakreconabila.pl\/?p=3284"},"modified":"2023-03-12T16:45:06","modified_gmt":"2023-03-12T16:45:06","slug":"2-kolejka-ii-polskiej-ligi-bilardowej-pzbil","status":"publish","type":"post","link":"https:\/\/www.zakreconabila.pl\/en\/bilard-w-zakreconej\/2-kolejka-ii-polskiej-ligi-bilardowej-pzbil\/","title":{"rendered":"2. kolejka II Polskiej Ligi Bilardowej PZBil"},"content":{"rendered":"<p>W sobot\u0119 11.03.2023r. zosta\u0142a rozegrana 2. kolejka II Polskiej Ligi Bilardowej PZBil. Reprezentanci Zakr\u0119conej Bili II Pozna\u0144 zmierzyli si\u0119 z dru\u017cyn\u0105 Cue Clan Ko\u0142obrzeg. W rundzie pierwszej Zakr\u0119cona pokona\u0142a 2:1 zawodnik\u00f3w z Ko\u0142obrzegu, a w rundzie rewan\u017cowej nasi bilardzi\u015bci zwyci\u0119\u017cyli 3:0. Dzi\u0119ki zwyci\u0119stwu 5:1 Zakr\u0119cona Bila II Pozna\u0144 umocni\u0142a si\u0119 na pozycji lidera w grupie. Trzecie kolejka ligi odb\u0119dzie si\u0119 25.03.2023 r.<br \/>\nGratulacje!<\/p>","protected":false},"excerpt":{"rendered":"<p>W sobot\u0119 11.03.2023r. zosta\u0142a rozegrana 2. kolejka II Polskiej Ligi Bilardowej PZBil. Reprezentanci Zakr\u0119conej Bili II Pozna\u0144 zmierzyli si\u0119 z dru\u017cyn\u0105 Cue Clan Ko\u0142obrzeg. W rundzie pierwszej Zakr\u0119cona pokona\u0142a 2:1 zawodnik\u00f3w z Ko\u0142obrzegu, a w rundzie rewan\u017cowej nasi bilardzi\u015bci zwyci\u0119\u017cyli 3:0. Dzi\u0119ki zwyci\u0119stwu 5:1 Zakr\u0119cona Bila II Pozna\u0144 umocni\u0142a si\u0119 na pozycji lidera w grupie. [&hellip;]<\/p>","protected":false},"author":2,"featured_media":3285,"comment_status":"closed","ping_status":"closed","sticky":false,"template":"","format":"standard","meta":{"footnotes":""},"categories":[1,183],"tags":[],"_links":{"self":[{"href":"https:\/\/www.zakreconabila.pl\/en\/wp-json\/wp\/v2\/posts\/3284"}],"collection":[{"href":"https:\/\/www.zakreconabila.pl\/en\/wp-json\/wp\/v2\/posts"}],"about":[{"href":"https:\/\/www.zakreconabila.pl\/en\/wp-json\/wp\/v2\/types\/post"}],"author":[{"embeddable":true,"href":"https:\/\/www.zakreconabila.pl\/en\/wp-json\/wp\/v2\/users\/2"}],"replies":[{"embeddable":true,"href":"https:\/\/www.zakreconabila.pl\/en\/wp-json\/wp\/v2\/comments?post=3284"}],"version-history":[{"count":1,"href":"https:\/\/www.zakreconabila.pl\/en\/wp-json\/wp\/v2\/posts\/3284\/revisions"}],"predecessor-version":[{"id":3286,"href":"https:\/\/www.zakreconabila.pl\/en\/wp-json\/wp\/v2\/posts\/3284\/revisions\/3286"}],"wp:featuredmedia":[{"embeddable":true,"href":"https:\/\/www.zakreconabila.pl\/en\/wp-json\/wp\/v2\/media\/3285"}],"wp:attachment":[{"href":"https:\/\/www.zakreconabila.pl\/en\/wp-json\/wp\/v2\/media?parent=3284"}],"wp:term":[{"taxonomy":"category","embeddable":true,"href":"https:\/\/www.zakreconabila.pl\/en\/wp-json\/wp\/v2\/categories?post=3284"},{"taxonomy":"post_tag","embeddable":true,"href":"https:\/\/www.zakreconabila.pl\/en\/wp-json\/wp\/v2\/tags?post=3284"}],"curies":[{"name":"wp","href":"https:\/\/api.w.org\/{rel}","templated":true}]}}