{"id":3341,"date":"2023-05-06T15:49:13","date_gmt":"2023-05-06T15:49:13","guid":{"rendered":"https:\/\/www.zakreconabila.pl\/?p=3341"},"modified":"2023-05-06T15:49:13","modified_gmt":"2023-05-06T15:49:13","slug":"podsumowanie-2-zjazdu-bilardowej-ekstraklasy","status":"publish","type":"post","link":"https:\/\/www.zakreconabila.pl\/en\/bilard-w-zakreconej\/podsumowanie-2-zjazdu-bilardowej-ekstraklasy\/","title":{"rendered":"Podsumowanie 2. zjazdu Bilardowej Ekstraklasy"},"content":{"rendered":"<p>W dniach 4-6.05.2023 r. odby\u0142 si\u0119 drugi zjazd Bilardowej Ekstraklasy PZBil 2023. Dru\u017cyna Zakr\u0119conej Bili Pozna\u0144 zagra\u0142a os\u0142abiona brakiem Mateusza \u015aniegockiego oraz Wojtka Sroczy\u0144skiego, co niestety mia\u0142o du\u017cy wp\u0142yw na gr\u0119 i osi\u0105gni\u0119te wyniki.<br \/>\nPodsumowania. Szczeg\u00f3lnie szkoda meczu z Jaworznem, gdzie przeciwnik zagra\u0142 s\u0142abo, ale i tak wystarczy\u0142o to do pokonania Zakr\u0119conej. Postawili\u015bmy si\u0119 w do\u015b\u0107 trudnej sytuacji i na ostatnim zje\u017adzie Bilardowej Ekstraklasy trzeba zagra\u0107 du\u017co lepiej, aby zapewni\u0107 sobie utrzymanie.<br \/>\nFoto.PZBil<\/p>","protected":false},"excerpt":{"rendered":"<p>W dniach 4-6.05.2023 r. odby\u0142 si\u0119 drugi zjazd Bilardowej Ekstraklasy PZBil 2023. Dru\u017cyna Zakr\u0119conej Bili Pozna\u0144 zagra\u0142a os\u0142abiona brakiem Mateusza \u015aniegockiego oraz Wojtka Sroczy\u0144skiego, co niestety mia\u0142o du\u017cy wp\u0142yw na gr\u0119 i osi\u0105gni\u0119te wyniki. Podsumowania. Szczeg\u00f3lnie szkoda meczu z Jaworznem, gdzie przeciwnik zagra\u0142 s\u0142abo, ale i tak wystarczy\u0142o to do pokonania Zakr\u0119conej. Postawili\u015bmy si\u0119 w [&hellip;]<\/p>","protected":false},"author":2,"featured_media":3342,"comment_status":"closed","ping_status":"closed","sticky":false,"template":"","format":"standard","meta":{"footnotes":""},"categories":[1,182],"tags":[],"_links":{"self":[{"href":"https:\/\/www.zakreconabila.pl\/en\/wp-json\/wp\/v2\/posts\/3341"}],"collection":[{"href":"https:\/\/www.zakreconabila.pl\/en\/wp-json\/wp\/v2\/posts"}],"about":[{"href":"https:\/\/www.zakreconabila.pl\/en\/wp-json\/wp\/v2\/types\/post"}],"author":[{"embeddable":true,"href":"https:\/\/www.zakreconabila.pl\/en\/wp-json\/wp\/v2\/users\/2"}],"replies":[{"embeddable":true,"href":"https:\/\/www.zakreconabila.pl\/en\/wp-json\/wp\/v2\/comments?post=3341"}],"version-history":[{"count":1,"href":"https:\/\/www.zakreconabila.pl\/en\/wp-json\/wp\/v2\/posts\/3341\/revisions"}],"predecessor-version":[{"id":3343,"href":"https:\/\/www.zakreconabila.pl\/en\/wp-json\/wp\/v2\/posts\/3341\/revisions\/3343"}],"wp:featuredmedia":[{"embeddable":true,"href":"https:\/\/www.zakreconabila.pl\/en\/wp-json\/wp\/v2\/media\/3342"}],"wp:attachment":[{"href":"https:\/\/www.zakreconabila.pl\/en\/wp-json\/wp\/v2\/media?parent=3341"}],"wp:term":[{"taxonomy":"category","embeddable":true,"href":"https:\/\/www.zakreconabila.pl\/en\/wp-json\/wp\/v2\/categories?post=3341"},{"taxonomy":"post_tag","embeddable":true,"href":"https:\/\/www.zakreconabila.pl\/en\/wp-json\/wp\/v2\/tags?post=3341"}],"curies":[{"name":"wp","href":"https:\/\/api.w.org\/{rel}","templated":true}]}}