{"id":3398,"date":"2023-06-29T21:01:37","date_gmt":"2023-06-29T21:01:37","guid":{"rendered":"https:\/\/www.zakreconabila.pl\/?p=3398"},"modified":"2023-06-29T21:01:37","modified_gmt":"2023-06-29T21:01:37","slug":"wakacyjne-godziny-otwarcia","status":"publish","type":"post","link":"https:\/\/www.zakreconabila.pl\/en\/bilard-w-zakreconej\/wakacyjne-godziny-otwarcia\/","title":{"rendered":"Wakacyjne godziny otwarcia"},"content":{"rendered":"<p>Od 1 lipca 2023 r. b\u0119dziemy funkcjonowa\u0107 wed\u0142ug wakacyjnych godzin otwarcia.<br \/>\nOd poniedzia\u0142ku do pi\u0105tku zapraszamy Was od godziny 16:00, a w soboty i niedziele od godziny 15:00.<br \/>\nDo zobaczenia!<\/p>","protected":false},"excerpt":{"rendered":"<p>Od 1 lipca 2023 r. b\u0119dziemy funkcjonowa\u0107 wed\u0142ug wakacyjnych godzin otwarcia. Od poniedzia\u0142ku do pi\u0105tku zapraszamy Was od godziny 16:00, a w soboty i niedziele od godziny 15:00. Do zobaczenia!<\/p>","protected":false},"author":2,"featured_media":3399,"comment_status":"closed","ping_status":"closed","sticky":false,"template":"","format":"standard","meta":{"footnotes":""},"categories":[1],"tags":[],"_links":{"self":[{"href":"https:\/\/www.zakreconabila.pl\/en\/wp-json\/wp\/v2\/posts\/3398"}],"collection":[{"href":"https:\/\/www.zakreconabila.pl\/en\/wp-json\/wp\/v2\/posts"}],"about":[{"href":"https:\/\/www.zakreconabila.pl\/en\/wp-json\/wp\/v2\/types\/post"}],"author":[{"embeddable":true,"href":"https:\/\/www.zakreconabila.pl\/en\/wp-json\/wp\/v2\/users\/2"}],"replies":[{"embeddable":true,"href":"https:\/\/www.zakreconabila.pl\/en\/wp-json\/wp\/v2\/comments?post=3398"}],"version-history":[{"count":1,"href":"https:\/\/www.zakreconabila.pl\/en\/wp-json\/wp\/v2\/posts\/3398\/revisions"}],"predecessor-version":[{"id":3400,"href":"https:\/\/www.zakreconabila.pl\/en\/wp-json\/wp\/v2\/posts\/3398\/revisions\/3400"}],"wp:featuredmedia":[{"embeddable":true,"href":"https:\/\/www.zakreconabila.pl\/en\/wp-json\/wp\/v2\/media\/3399"}],"wp:attachment":[{"href":"https:\/\/www.zakreconabila.pl\/en\/wp-json\/wp\/v2\/media?parent=3398"}],"wp:term":[{"taxonomy":"category","embeddable":true,"href":"https:\/\/www.zakreconabila.pl\/en\/wp-json\/wp\/v2\/categories?post=3398"},{"taxonomy":"post_tag","embeddable":true,"href":"https:\/\/www.zakreconabila.pl\/en\/wp-json\/wp\/v2\/tags?post=3398"}],"curies":[{"name":"wp","href":"https:\/\/api.w.org\/{rel}","templated":true}]}}