{"id":4105,"date":"2025-09-14T15:13:50","date_gmt":"2025-09-14T15:13:50","guid":{"rendered":"https:\/\/www.zakreconabila.pl\/?p=4105"},"modified":"2025-09-14T15:13:51","modified_gmt":"2025-09-14T15:13:51","slug":"7-kolejka-ii-polskiej-ligi-bilardowej-2","status":"publish","type":"post","link":"https:\/\/www.zakreconabila.pl\/en\/bilard-w-zakreconej\/7-kolejka-ii-polskiej-ligi-bilardowej-2\/","title":{"rendered":"7. kolejka II Polskiej Ligi Bilardowej"},"content":{"rendered":"<p>W sobot\u0119 13.09.2025r. zosta\u0142a rozegrana 7. kolejka II Polskiej Ligi Bilardowej. Zawodnicy Zakr\u0119conej Bili II Pozna\u0144 zmierzyli si\u0119 na w\u0142asnych sto\u0142ach z dru\u017cyn\u0105 Tago \u0141\u00f3d\u017a. W pierwszej rundzie Zakr\u0119cona przegra\u0142a 1:2 z bilardzistami z \u0141odzi, a w rundzie rewan\u017cowej zawodnicy z Poznania zwyci\u0119\u017cyli 3:0. <br>Zakr\u0119cona Bila II nadal pozostaje na 1. miejscu w grupie. Do ko\u0144ca sezonu pozosta\u0142y jeszcze 3 kolejki. Nast\u0119pny mecz odb\u0119dzie si\u0119 na wyje\u017adzie 27.09.2025r.<br><a href=\"https:\/\/pzbil.pl\/liga\/2-liga-bilardowa\/info\/\">https:\/\/pzbil.pl\/liga\/2-liga-bilardowa\/info\/<\/a><\/p>","protected":false},"excerpt":{"rendered":"<p>W sobot\u0119 13.09.2025r. zosta\u0142a rozegrana 7. kolejka II Polskiej Ligi Bilardowej. Zawodnicy Zakr\u0119conej Bili II Pozna\u0144 zmierzyli si\u0119 na w\u0142asnych sto\u0142ach z dru\u017cyn\u0105 Tago \u0141\u00f3d\u017a. W pierwszej rundzie Zakr\u0119cona przegra\u0142a 1:2 z bilardzistami z \u0141odzi, a w rundzie rewan\u017cowej zawodnicy z Poznania zwyci\u0119\u017cyli 3:0. Zakr\u0119cona Bila II nadal pozostaje na 1. miejscu w grupie. Do [&hellip;]<\/p>","protected":false},"author":2,"featured_media":4106,"comment_status":"closed","ping_status":"closed","sticky":false,"template":"","format":"standard","meta":{"footnotes":""},"categories":[190,1,183,192,209],"tags":[164,191,196,208],"_links":{"self":[{"href":"https:\/\/www.zakreconabila.pl\/en\/wp-json\/wp\/v2\/posts\/4105"}],"collection":[{"href":"https:\/\/www.zakreconabila.pl\/en\/wp-json\/wp\/v2\/posts"}],"about":[{"href":"https:\/\/www.zakreconabila.pl\/en\/wp-json\/wp\/v2\/types\/post"}],"author":[{"embeddable":true,"href":"https:\/\/www.zakreconabila.pl\/en\/wp-json\/wp\/v2\/users\/2"}],"replies":[{"embeddable":true,"href":"https:\/\/www.zakreconabila.pl\/en\/wp-json\/wp\/v2\/comments?post=4105"}],"version-history":[{"count":1,"href":"https:\/\/www.zakreconabila.pl\/en\/wp-json\/wp\/v2\/posts\/4105\/revisions"}],"predecessor-version":[{"id":4107,"href":"https:\/\/www.zakreconabila.pl\/en\/wp-json\/wp\/v2\/posts\/4105\/revisions\/4107"}],"wp:featuredmedia":[{"embeddable":true,"href":"https:\/\/www.zakreconabila.pl\/en\/wp-json\/wp\/v2\/media\/4106"}],"wp:attachment":[{"href":"https:\/\/www.zakreconabila.pl\/en\/wp-json\/wp\/v2\/media?parent=4105"}],"wp:term":[{"taxonomy":"category","embeddable":true,"href":"https:\/\/www.zakreconabila.pl\/en\/wp-json\/wp\/v2\/categories?post=4105"},{"taxonomy":"post_tag","embeddable":true,"href":"https:\/\/www.zakreconabila.pl\/en\/wp-json\/wp\/v2\/tags?post=4105"}],"curies":[{"name":"wp","href":"https:\/\/api.w.org\/{rel}","templated":true}]}}